{"id":812,"date":"2019-11-23T23:53:04","date_gmt":"2019-11-23T22:53:04","guid":{"rendered":"https:\/\/pageperso.lis-lab.fr\/thierry.artieres\/?p=812"},"modified":"2019-12-28T13:56:21","modified_gmt":"2019-12-28T12:56:21","slug":"stage-master-m2-recherche-sur-lapprentissage-profond-pour-letude-du-developpement-embryonnaire","status":"publish","type":"post","link":"https:\/\/pageperso.lis-lab.fr\/thierry.artieres\/?p=812","title":{"rendered":"Stage Master M2 Recherche sur l&rsquo;apprentissage profond pour l\u2019\u00e9tude du d\u00e9veloppement embryonnaire"},"content":{"rendered":"<h2 style=\"text-align: center;\"><a href=\"https:\/\/pageperso.lis-lab.fr\/thierry.artieres\/?attachment_id=814\" rel=\"attachment wp-att-814\">Sujet de stage<\/a><\/h2>\n<ul>\n<li>Stage de 5 \u00e0 6 mois<\/li>\n<li>Dans l&rsquo;\u00e9quipe QARMA et dans le cadre de l&rsquo;institut CENTURI des syst\u00e8mes vivants<\/li>\n<li>Niveau Master 2 Recherche<\/li>\n<li>A d\u00e9marrer entre F\u00e9vrier et Avril 2020<\/li>\n<li>Financement acquis<\/li>\n<\/ul>\n<p>&nbsp;<\/p>\n<p>&nbsp;<\/p>\n<p>&nbsp;<\/p>\n","protected":false},"excerpt":{"rendered":"<p>Sujet de stage Stage de 5 \u00e0 6 mois Dans l&rsquo;\u00e9quipe QARMA et dans le cadre de l&rsquo;institut CENTURI des syst\u00e8mes vivants Niveau Master 2 Recherche A d\u00e9marrer entre F\u00e9vrier et Avril 2020 Financement acquis &nbsp; &nbsp; &nbsp;<\/p>\n","protected":false},"author":2,"featured_media":0,"comment_status":"closed","ping_status":"closed","sticky":false,"template":"","format":"standard","meta":{"footnotes":""},"categories":[6,5],"tags":[],"class_list":["post-812","post","type-post","status-publish","format-standard","hentry","category-hiring","category-news"],"_links":{"self":[{"href":"https:\/\/pageperso.lis-lab.fr\/thierry.artieres\/index.php?rest_route=\/wp\/v2\/posts\/812","targetHints":{"allow":["GET"]}}],"collection":[{"href":"https:\/\/pageperso.lis-lab.fr\/thierry.artieres\/index.php?rest_route=\/wp\/v2\/posts"}],"about":[{"href":"https:\/\/pageperso.lis-lab.fr\/thierry.artieres\/index.php?rest_route=\/wp\/v2\/types\/post"}],"author":[{"embeddable":true,"href":"https:\/\/pageperso.lis-lab.fr\/thierry.artieres\/index.php?rest_route=\/wp\/v2\/users\/2"}],"replies":[{"embeddable":true,"href":"https:\/\/pageperso.lis-lab.fr\/thierry.artieres\/index.php?rest_route=%2Fwp%2Fv2%2Fcomments&post=812"}],"version-history":[{"count":3,"href":"https:\/\/pageperso.lis-lab.fr\/thierry.artieres\/index.php?rest_route=\/wp\/v2\/posts\/812\/revisions"}],"predecessor-version":[{"id":830,"href":"https:\/\/pageperso.lis-lab.fr\/thierry.artieres\/index.php?rest_route=\/wp\/v2\/posts\/812\/revisions\/830"}],"wp:attachment":[{"href":"https:\/\/pageperso.lis-lab.fr\/thierry.artieres\/index.php?rest_route=%2Fwp%2Fv2%2Fmedia&parent=812"}],"wp:term":[{"taxonomy":"category","embeddable":true,"href":"https:\/\/pageperso.lis-lab.fr\/thierry.artieres\/index.php?rest_route=%2Fwp%2Fv2%2Fcategories&post=812"},{"taxonomy":"post_tag","embeddable":true,"href":"https:\/\/pageperso.lis-lab.fr\/thierry.artieres\/index.php?rest_route=%2Fwp%2Fv2%2Ftags&post=812"}],"curies":[{"name":"wp","href":"https:\/\/api.w.org\/{rel}","templated":true}]}}